{"id":17106,"date":"2025-07-15T18:19:02","date_gmt":"2025-07-15T17:19:02","guid":{"rendered":"https:\/\/expafol.com\/des-villes-qui-respirent-la-revolution-en-douceur-de-larchitecture-textile\/"},"modified":"2025-07-25T14:59:57","modified_gmt":"2025-07-25T13:59:57","slug":"des-villes-qui-respirent-la-revolution-en-douceur-de-larchitecture-textile","status":"publish","type":"post","link":"https:\/\/expafol.com\/fr\/des-villes-qui-respirent-la-revolution-en-douceur-de-larchitecture-textile\/","title":{"rendered":"R\u00e9volution douce de architecture textile"},"content":{"rendered":"\n<h2 class=\"wp-block-heading\">Architecture textile : tisser le changement au c\u0153ur de la ville<\/h2>\n\n<p>Tout commence par une id\u00e9e. Une n\u00e9cessit\u00e9. Un espace qui appelle \u00e0 l\u2019ombre, \u00e0 la fluidit\u00e9, \u00e0 la l\u00e9g\u00e8ret\u00e9 ou tout simplement&#8230; vie. C\u2019est l\u00e0 que l\u2019architecture textile entre en jeu : une discipline qui non seulement construit des structures, mais les fait aussi vibrer avec l\u2019environnement, r\u00e9pondre au climat, \u00e0 l\u2019usage, aux gens.   <\/p>\n\n<p>Chez Expafol, nous fabriquons des tissus techniques con\u00e7us pour ce type d\u2019architecture depuis plus de trois d\u00e9cennies. Et si nous avons appris quelque chose, c\u2019est que la v\u00e9ritable innovation ne p\u00e8se pas toujours des tonnes ou n\u2019est pas toujours soulev\u00e9e par des grues g\u00e9antes. Parfois, un tissu resserr\u00e9 qui s\u2019adapte, prot\u00e8ge, respire et transforme suffit.  <\/p>\n\n<h2 class=\"wp-block-heading\">Qu\u2019est-ce que l\u2019architecture textile et pourquoi cr\u00e9e-t-elle des tendances ?<\/h2>\n\n<p>L&rsquo;architecture textile utilise des membranes techniques telles que des toiles, du verre PVC souple ou des mailles renforc\u00e9es pour cr\u00e9er des structures l\u00e9g\u00e8res, polyvalentes et r\u00e9sistantes. Son application s\u2019\u00e9tend des toitures et fa\u00e7ades aux espaces \u00e9ph\u00e9m\u00e8res ou aux solutions mobiles. Mais sa puissance va au-del\u00e0 du fonctionnel : elle red\u00e9finit l\u2019esth\u00e9tique et le comportement de l\u2019espace urbain.  <\/p>\n\n<h2 class=\"wp-block-heading\">De vrais avantages auxquels vous vous sentez et \u00e0 quoi vous ressemblez<\/h2>\n\n<h3 class=\"wp-block-heading\">Design avec libert\u00e9 de forme<\/h3>\n\n<p>Les structures textiles permettent des courbes, des envols, des ondulations et des designs impossibles \u00e0 r\u00e9aliser avec des mat\u00e9riaux traditionnels. Il en r\u00e9sulte une architecture expressive et personnalis\u00e9e. <\/p>\n\n<h3 class=\"wp-block-heading\">Une l\u00e9g\u00e8ret\u00e9 qui ne sacrifie pas la r\u00e9sistance<\/h3>\n\n<p>Gr\u00e2ce \u00e0 des tissus tels que notre ligne CLEARFOL\u00ae, il est possible de construire des toits larges avec un poids minimal, mais avec une grande r\u00e9sistance aux intemp\u00e9ries, aux d\u00e9chirures et aux rayons UV.<\/p>\n\n<h3 class=\"wp-block-heading\">Installation rapide, intervention minimale<\/h3>\n\n<p>Par rapport aux constructions rigides, l\u2019architecture textile est install\u00e9e de mani\u00e8re agile, ce qui r\u00e9duit les co\u00fbts, les d\u00e9lais et les modifications de l\u2019environnement.<\/p>\n\n<h3 class=\"wp-block-heading\">La durabilit\u00e9 tiss\u00e9e dans chaque fibre<\/h3>\n\n<p>L\u2019utilisation de mat\u00e9riaux recyclables, la r\u00e9duction des d\u00e9chets sur site et l\u2019efficacit\u00e9 \u00e9nerg\u00e9tique des membranes font de cette architecture une alli\u00e9e des villes vertes.<\/p>\n\n<h3 class=\"wp-block-heading\">Polyvalence illimit\u00e9e<\/h3>\n\n<p>Id\u00e9al pour couvrir les coursives, les places, les patios, les espaces commerciaux ou les zones d\u2019attente. L\u2019architecture textile s\u2019adapte \u00e0 tout besoin urbain ou fonctionnel. <\/p>\n\n<h2 class=\"wp-block-heading\">Le r\u00f4le des mat\u00e9riaux : \u00e0 la rencontre du design et de la technologie<\/h2>\n\n<figure class=\"wp-block-image size-large\"><img fetchpriority=\"high\" decoding=\"async\" width=\"1024\" height=\"684\" src=\"https:\/\/expafol.com\/wp-content\/uploads\/2025\/07\/arquitectura-textil-3-1024x684.jpg\" alt=\"Architecture textile 3\" class=\"wp-image-17090\" srcset=\"https:\/\/expafol.com\/wp-content\/uploads\/2025\/07\/arquitectura-textil-3-1024x684.jpg 1024w, https:\/\/expafol.com\/wp-content\/uploads\/2025\/07\/arquitectura-textil-3-300x200.jpg 300w, https:\/\/expafol.com\/wp-content\/uploads\/2025\/07\/arquitectura-textil-3-768x513.jpg 768w, https:\/\/expafol.com\/wp-content\/uploads\/2025\/07\/arquitectura-textil-3-1536x1025.jpg 1536w, https:\/\/expafol.com\/wp-content\/uploads\/2025\/07\/arquitectura-textil-3-2048x1367.jpg 2048w\" sizes=\"(max-width: 1024px) 100vw, 1024px\" \/><\/figure>\n\n<div style=\"height:25px\" aria-hidden=\"true\" class=\"wp-block-spacer\"><\/div>\n\n<p>Chez <a href=\"https:\/\/expafol.com\/fr\/\">Expafol<\/a> , nous d\u00e9veloppons des tissus techniques con\u00e7us pour durer, r\u00e9sister et se d\u00e9marquer dans des projets tr\u00e8s exigeants. Certaines de nos solutions les plus utilis\u00e9es dans l\u2019architecture textile sont : <\/p>\n\n<ul class=\"wp-block-list\">\n<li><strong>LONAFOL\u00ae 350 MATTE<\/strong> : B\u00e2che l\u00e9g\u00e8re en polyester recouverte de PVC sur les deux faces, id\u00e9ale pour les auvents et les tentes durables au look \u00e9l\u00e9gant.<br\/><\/li>\n\n\n\n<li><strong>CLEARFOL\u00ae HT 500 \/ HT 650 \/ HT 1000<\/strong> : Verre PVC flexible \u00e0 haute transparence et r\u00e9sistance aux UV, parfait pour les bo\u00eetiers qui n\u00e9cessitent visibilit\u00e9 et protection.<br\/><\/li>\n\n\n\n<li><strong>CLEARFOL\u00ae NET et FR :<\/strong> Tissus avec renforts internes ou propri\u00e9t\u00e9s ignifuges, qui allient s\u00e9curit\u00e9, r\u00e9sistance et design.<br\/><\/li>\n<\/ul>\n\n<p>Chacun de ces mat\u00e9riaux est con\u00e7u pour r\u00e9pondre \u00e0 des exigences techniques sp\u00e9cifiques sans sacrifier l\u2019esth\u00e9tique ou la fonctionnalit\u00e9. Dans l\u2019architecture textile, la mati\u00e8re n\u2019est pas seulement un m\u00e9dium : elle en est le protagoniste. <\/p>\n\n<h2 class=\"wp-block-heading\">Des histoires tendues et transform\u00e9es<\/h2>\n\n<p>Imaginez une structure qui n\u2019impose pas, mais qui accompagne. Qui n\u2019interrompt pas le paysage, mais le filtre et l\u2019embrasse. L\u2019architecture textile nous permet de cr\u00e9er des espaces identitaires, qui nous invitent \u00e0 rester, \u00e0 nous promener ou simplement \u00e0 contempler.  <\/p>\n\n<p>Beaucoup de ces projets naissent d\u2019un geste simple : un besoin urbain. Une place surchauff\u00e9e, un passage non prot\u00e9g\u00e9, une cour d\u2019\u00e9cole ou une fa\u00e7ade qui demande une nouvelle vie. Le tissu entre en jeu comme une solution et, sans s\u2019en rendre compte, devient un symbole. Dans la m\u00e9moire collective.   <\/p>\n\n<h2 class=\"wp-block-heading\">L\u2019avenir urbain est flexible<\/h2>\n\n<figure class=\"wp-block-image size-large\"><img decoding=\"async\" width=\"1024\" height=\"683\" src=\"https:\/\/expafol.com\/wp-content\/uploads\/2025\/07\/arquitectura-textil-2-1024x683.jpg\" alt=\"Architecture textile 2\" class=\"wp-image-17085\" srcset=\"https:\/\/expafol.com\/wp-content\/uploads\/2025\/07\/arquitectura-textil-2-1024x683.jpg 1024w, https:\/\/expafol.com\/wp-content\/uploads\/2025\/07\/arquitectura-textil-2-300x200.jpg 300w, https:\/\/expafol.com\/wp-content\/uploads\/2025\/07\/arquitectura-textil-2-768x512.jpg 768w, https:\/\/expafol.com\/wp-content\/uploads\/2025\/07\/arquitectura-textil-2.jpg 1500w\" sizes=\"(max-width: 1024px) 100vw, 1024px\" \/><\/figure>\n\n<div style=\"height:25px\" aria-hidden=\"true\" class=\"wp-block-spacer\"><\/div>\n\n<p>De plus en plus de villes optent pour des mat\u00e9riaux et des solutions capables de s\u2019adapter au changement climatique, \u00e0 la croissance urbaine et aux nouvelles fa\u00e7ons d\u2019habiter les espaces. Dans ce contexte, l\u2019architecture textile n\u2019est pas une mode : c\u2019est une r\u00e9ponse intelligente. <\/p>\n\n<ul class=\"wp-block-list\">\n<li>R\u00e9duire l\u2019empreinte \u00e9cologique<br\/><\/li>\n\n\n\n<li>Am\u00e9liorer l\u2019exp\u00e9rience des citoyens<br\/><\/li>\n\n\n\n<li>Offre une valeur esth\u00e9tique et fonctionnelle<br\/><\/li>\n\n\n\n<li>Int\u00e9grer technologie et durabilit\u00e9<br\/><\/li>\n\n\n\n<li>Transformez sans envahir<br\/><\/li>\n<\/ul>\n\n<h2 class=\"wp-block-heading\">Expafol : plus de 30 ans d\u2019innovation<\/h2>\n\n<p>Depuis 1991, chez Expafol, nous ne fabriquons pas seulement des produits. Nous cr\u00e9ons des solutions en collaboration avec des architectes, des designers et des professionnels de diff\u00e9rents secteurs. Avec nos lignes de feuilles, de toiles et de verres techniques, nous fa\u00e7onnons des structures qui am\u00e9liorent la vie urbaine, rendant possible une architecture textile plus audacieuse, plus efficace et plus humaine.  <\/p>\n\n<h2 class=\"wp-block-heading\">Des espaces plus humains, tiss\u00e9s avec intention<\/h2>\n\n<p>L\u2019architecture textile est une d\u00e9claration silencieuse. Un murmure d\u2019innovation qui red\u00e9finit la fa\u00e7on dont nous habitons l\u2019espace. Souple, l\u00e9ger, durable et beau, il se transforme sans s\u2019imposer. Chez <a href=\"https:\/\/expafol.com\/fr\/entreprise\/\">Expafol<\/a>, nous pensons que les mat\u00e9riaux font partie du message : c\u2019est pourquoi nous d\u00e9veloppons des tissus qui parlent le langage du futur.   <\/p>\n\n<p>Si vous cherchez de nouvelles fa\u00e7ons de concevoir la ville, peut-\u00eatre que la r\u00e9ponse n\u2019est pas dans l\u2019acier ou le b\u00e9ton&#8230; Mais dans le fil conducteur qui unit design et fonctionnalit\u00e9 : l\u2019architecture textile. En savoir plus sur notre travail sur <a href=\"https:\/\/www.linkedin.com\/company\/expafol\/\" target=\"_blank\" rel=\"noopener\">LinkedIn<\/a><\/p>\n","protected":false},"excerpt":{"rendered":"<p>Architecture textile : tisser le changement au c\u0153ur de la ville Tout commence par une id\u00e9e. Une n\u00e9cessit\u00e9. Un espace qui appelle \u00e0 l\u2019ombre, \u00e0 la fluidit\u00e9, \u00e0 la l\u00e9g\u00e8ret\u00e9 ou tout simplement&#8230; vie. C\u2019est l\u00e0 que l\u2019architecture textile entre en jeu : une discipline qui non seulement construit des structures, mais les fait aussi &#8230; <a title=\"R\u00e9volution douce de architecture textile\" class=\"read-more\" href=\"https:\/\/expafol.com\/fr\/des-villes-qui-respirent-la-revolution-en-douceur-de-larchitecture-textile\/\" aria-label=\"En savoir plus sur R\u00e9volution douce de architecture textile\">Lire la suite<\/a><\/p>\n","protected":false},"author":9,"featured_media":17082,"comment_status":"closed","ping_status":"closed","sticky":false,"template":"","format":"standard","meta":{"footnotes":""},"categories":[237],"tags":[],"class_list":["post-17106","post","type-post","status-publish","format-standard","has-post-thumbnail","hentry","category-non-classifiee"],"_links":{"self":[{"href":"https:\/\/expafol.com\/fr\/wp-json\/wp\/v2\/posts\/17106","targetHints":{"allow":["GET"]}}],"collection":[{"href":"https:\/\/expafol.com\/fr\/wp-json\/wp\/v2\/posts"}],"about":[{"href":"https:\/\/expafol.com\/fr\/wp-json\/wp\/v2\/types\/post"}],"author":[{"embeddable":true,"href":"https:\/\/expafol.com\/fr\/wp-json\/wp\/v2\/users\/9"}],"replies":[{"embeddable":true,"href":"https:\/\/expafol.com\/fr\/wp-json\/wp\/v2\/comments?post=17106"}],"version-history":[{"count":0,"href":"https:\/\/expafol.com\/fr\/wp-json\/wp\/v2\/posts\/17106\/revisions"}],"wp:featuredmedia":[{"embeddable":true,"href":"https:\/\/expafol.com\/fr\/wp-json\/wp\/v2\/media\/17082"}],"wp:attachment":[{"href":"https:\/\/expafol.com\/fr\/wp-json\/wp\/v2\/media?parent=17106"}],"wp:term":[{"taxonomy":"category","embeddable":true,"href":"https:\/\/expafol.com\/fr\/wp-json\/wp\/v2\/categories?post=17106"},{"taxonomy":"post_tag","embeddable":true,"href":"https:\/\/expafol.com\/fr\/wp-json\/wp\/v2\/tags?post=17106"}],"curies":[{"name":"wp","href":"https:\/\/api.w.org\/{rel}","templated":true}]}}